{"id":6522,"date":"2026-03-09T15:13:42","date_gmt":"2026-03-09T15:13:42","guid":{"rendered":"https:\/\/econoler.com\/?post_type=news&#038;p=6522"},"modified":"2026-04-28T17:09:34","modified_gmt":"2026-04-28T17:09:34","slug":"econoler-devoile-sa-nouvelle-identite-de-marque-a-loccasion-de-ses-45-ans-dimpact","status":"publish","type":"news","link":"https:\/\/econoler.com\/fr\/nouvelles\/econoler-devoile-sa-nouvelle-identite-de-marque-a-loccasion-de-ses-45-ans-dimpact\/","title":{"rendered":"Econoler d\u00e9voile sa nouvelle identit\u00e9 de marque \u00e0 l\u2019occasion de ses 45 ans d\u2019impact"},"content":{"rendered":"\n<div style=\"height:50px\" aria-hidden=\"true\" class=\"wp-block-spacer\"><\/div>\n\n\n\n<p><strong>Qu\u00e9bec, Canada \u2014 [9 mars 2026]<\/strong> \u2014 Alors qu\u2019elle c\u00e9l\u00e8bre 45 ans \u00e0 l\u2019avant-garde de la transition \u00e9nerg\u00e9tique mondiale, Econoler d\u00e9voile fi\u00e8rement une nouvelle identit\u00e9 de marque audacieuse et lance un site Web enti\u00e8rement repens\u00e9 \u2014 affirmant son h\u00e9ritage tout en embrassant l\u2019avenir.<\/p>\n\n\n\n<div style=\"height:30px\" aria-hidden=\"true\" class=\"wp-block-spacer\"><\/div>\n\n\n\n<h3 class=\"wp-block-heading\">Honorer notre h\u00e9ritage. Concevoir l\u2019avenir.<\/h3>\n\n\n\n<p>Depuis plus de quatre d\u00e9cennies, Econoler n\u2019a pas simplement suivi l\u2019\u00e9volution des march\u00e9s de l\u2019\u00e9nergie durable \u2014 elle a contribu\u00e9 \u00e0 les fa\u00e7onner. D\u00e8s ses d\u00e9buts comme entreprise de services \u00e9co\u00e9nerg\u00e9tiques (ESE\/ESCO) en 1981 jusqu\u2019\u00e0 son offre actuelle de solutions climatiques int\u00e9gr\u00e9es, l\u2019entreprise est anim\u00e9e par une seule mission : placer l\u2019utilisation durable des ressources au c\u0153ur de la transition \u00e9nerg\u00e9tique.<\/p>\n\n\n\n<p>La nouvelle identit\u00e9 de marque refl\u00e8te cet engagement double :<\/p>\n\n\n\n<p>H\u00e9ritage \u2014 45 ann\u00e9es d\u2019excellence technique, de partenariats de confiance et de leadership mondial.<\/p>\n\n\n\n<p>Innovation \u2014 Une organisation tourn\u00e9e vers l\u2019avenir, s\u2019adaptant continuellement aux technologies \u00e9mergentes et aux ambitions climatiques en \u00e9volution.<\/p>\n\n\n\n<div style=\"height:100px\" aria-hidden=\"true\" class=\"wp-block-spacer\"><\/div>\n\n\n\n<h3 class=\"wp-block-heading\">D\u00e9couvrez le lancement de la marque<\/h3>\n\n\n\n<p>Pour marquer ce nouveau chapitre, Econoler a \u00e9galement publi\u00e9 une vid\u00e9o qui donne vie visuellement \u00e0 la nouvelle identit\u00e9 \u2014 illustrant l\u2019\u00e9volution de l\u2019entreprise tout en r\u00e9affirmant sa mission.<\/p>\n\n\n\n<p>\ud83c\udfa5 D\u00e9couvrez la vid\u00e9o du lancement de la marque ici :<\/p>\n\n\n\n<figure class=\"wp-block-embed is-type-video is-provider-youtube wp-block-embed-youtube wp-embed-aspect-16-9 wp-has-aspect-ratio\"><div class=\"wp-block-embed__wrapper\">\n<iframe loading=\"lazy\" title=\"Pr\u00e9sentation de la nouvelle identit\u00e9 de marque d\u2019Econoler\" width=\"500\" height=\"281\" src=\"https:\/\/www.youtube.com\/embed\/OSjz7nH6cUA?feature=oembed\" frameborder=\"0\" allow=\"accelerometer; autoplay; clipboard-write; encrypted-media; gyroscope; picture-in-picture; web-share\" referrerpolicy=\"strict-origin-when-cross-origin\" allowfullscreen><\/iframe>\n<\/div><\/figure>\n\n\n\n<div style=\"height:100px\" aria-hidden=\"true\" class=\"wp-block-spacer\"><\/div>\n\n\n\n<h3 class=\"wp-block-heading\">Un nouveau site web pour un nouveau chapitre<\/h3>\n\n\n\n<p>En parall\u00e8le de ce jalon, Econoler a lanc\u00e9 un site web enti\u00e8rement repens\u00e9 pour mieux servir ses clients, partenaires et parties prenantes \u00e0 travers le monde.<\/p>\n\n\n\n<p>Le nouveau site propose :<\/p>\n\n\n\n<ul class=\"wp-block-list\">\n<li>Une pr\u00e9sentation plus claire des services et expertises sectorielles<\/li>\n\n\n\n<li>Une navigation optimis\u00e9e<\/li>\n\n\n\n<li>Des \u00e9tudes de cas mises \u00e0 jour, illustrant l\u2019impact mesurable<\/li>\n<\/ul>\n\n\n\n<ul class=\"wp-block-list\">\n<li>Une exp\u00e9rience moderne et intuitive, align\u00e9e sur la nouvelle identit\u00e9 visuelle<\/li>\n<\/ul>\n\n\n\n<div style=\"height:100px\" aria-hidden=\"true\" class=\"wp-block-spacer\"><\/div>\n\n\n\n<h3 class=\"wp-block-heading\">45 ans \u2014 et ce n\u2019est que le d\u00e9but<\/h3>\n\n\n\n<p>Atteindre 45 ans n\u2019est pas seulement une c\u00e9l\u00e9bration de long\u00e9vit\u00e9 \u2014 c\u2019est le t\u00e9moignage de r\u00e9silience, d\u2019adaptabilit\u00e9 et d\u2019impact durable. Des premiers projets aux mandats ayant une port\u00e9e globale d\u2019aujourd\u2019hui, Econoler reste guid\u00e9e par le m\u00eame principe fondamental : l\u2019efficacit\u00e9 \u00e9nerg\u00e9tique et la d\u00e9carbonation ne sont pas optionnelles \u2014 elles sont essentielles.<\/p>\n\n\n\n<p>Alors que les organisations intensifient leurs engagements climatiques, Econoler est pr\u00eate \u00e0 poursuivre la conception de solutions \u00e0 la fois techniquement rigoureuses, financi\u00e8rement viables et socialement responsables.<\/p>\n\n\n\n<p>Apr\u00e8s 45 ans \u00e0 contribuer \u00e0 avancer la transition \u00e9nerg\u00e9tique, Econoler aborde son prochain chapitre avec une clart\u00e9, une confiance et une ambition renouvel\u00e9es.<\/p>\n\n\n\n<div style=\"height:100px\" aria-hidden=\"true\" class=\"wp-block-spacer\"><\/div>\n\n\n\n<p><strong>\u00c0 propos d\u2019Econoler<\/strong><\/p>\n\n\n\n<p>Fond\u00e9e en 1981, Econoler est une firme internationale de conseil sp\u00e9cialis\u00e9e en efficacit\u00e9 \u00e9nerg\u00e9tique, gestion de la demande \u00e9nerg\u00e9tique et finance climatique, accompagnant les efforts de d\u00e9carbonation \u00e0 l\u2019\u00e9chelle mondiale. L\u2019entreprise a r\u00e9alis\u00e9 plus de 6\u202f000 mandats dans 180 pays gr\u00e2ce \u00e0 une \u00e9quipe multidisciplinaire offrant des services-conseils fond\u00e9s sur une expertise approfondie et les besoins des clients.<\/p>\n\n\n\n<div style=\"height:100px\" aria-hidden=\"true\" class=\"wp-block-spacer\"><\/div>\n","protected":false},"excerpt":{"rendered":"<p>Qu\u00e9bec, Canada \u2014 [9 mars 2026] \u2014 Alors qu\u2019elle c\u00e9l\u00e8bre 45 ans \u00e0 l\u2019avant-garde de la transition \u00e9nerg\u00e9tique mondiale, Econoler d\u00e9voile fi\u00e8rement une nouvelle identit\u00e9 de marque audacieuse et lance un site Web enti\u00e8rement repens\u00e9 \u2014 affirmant son h\u00e9ritage tout en embrassant l\u2019avenir. Honorer notre h\u00e9ritage. Concevoir l\u2019avenir. Depuis plus de quatre d\u00e9cennies, Econoler n\u2019a [&hellip;]<\/p>\n","protected":false},"featured_media":6714,"template":"","class_list":["post-6522","news","type-news","status-publish","has-post-thumbnail","hentry"],"acf":[],"yoast_head":"<!-- This site is optimized with the Yoast SEO plugin v27.0 - https:\/\/yoast.com\/product\/yoast-seo-wordpress\/ -->\n<title>Econoler d\u00e9voile sa nouvelle identit\u00e9 de marque \u00e0 l\u2019occasion de ses 45 ans d\u2019impact | Econoler<\/title>\n<meta name=\"robots\" content=\"index, follow, max-snippet:-1, max-image-preview:large, max-video-preview:-1\" \/>\n<link rel=\"canonical\" href=\"https:\/\/econoler.com\/fr\/nouvelles\/econoler-devoile-sa-nouvelle-identite-de-marque-a-loccasion-de-ses-45-ans-dimpact\/\" \/>\n<meta property=\"og:locale\" content=\"fr_FR\" \/>\n<meta property=\"og:type\" content=\"article\" \/>\n<meta property=\"og:title\" content=\"Econoler d\u00e9voile sa nouvelle identit\u00e9 de marque \u00e0 l\u2019occasion de ses 45 ans d\u2019impact | Econoler\" \/>\n<meta property=\"og:description\" content=\"Qu\u00e9bec, Canada \u2014 [9 mars 2026] \u2014 Alors qu\u2019elle c\u00e9l\u00e8bre 45 ans \u00e0 l\u2019avant-garde de la transition \u00e9nerg\u00e9tique mondiale, Econoler d\u00e9voile fi\u00e8rement une nouvelle identit\u00e9 de marque audacieuse et lance un site Web enti\u00e8rement repens\u00e9 \u2014 affirmant son h\u00e9ritage tout en embrassant l\u2019avenir. Honorer notre h\u00e9ritage. Concevoir l\u2019avenir. Depuis plus de quatre d\u00e9cennies, Econoler n\u2019a [&hellip;]\" \/>\n<meta property=\"og:url\" content=\"https:\/\/econoler.com\/fr\/nouvelles\/econoler-devoile-sa-nouvelle-identite-de-marque-a-loccasion-de-ses-45-ans-dimpact\/\" \/>\n<meta property=\"og:site_name\" content=\"Econoler\" \/>\n<meta property=\"article:modified_time\" content=\"2026-04-28T17:09:34+00:00\" \/>\n<meta property=\"og:image\" content=\"https:\/\/econoler.com\/wp-content\/uploads\/2026\/03\/new-brand-1-e1776287654250.png\" \/>\n\t<meta property=\"og:image:width\" content=\"4200\" \/>\n\t<meta property=\"og:image:height\" content=\"2220\" \/>\n\t<meta property=\"og:image:type\" content=\"image\/png\" \/>\n<meta name=\"twitter:card\" content=\"summary_large_image\" \/>\n<meta name=\"twitter:label1\" content=\"Dur\u00e9e de lecture estim\u00e9e\" \/>\n\t<meta name=\"twitter:data1\" content=\"3 minutes\" \/>\n<!-- \/ Yoast SEO plugin. -->","yoast_head_json":{"title":"Econoler d\u00e9voile sa nouvelle identit\u00e9 de marque \u00e0 l\u2019occasion de ses 45 ans d\u2019impact | Econoler","robots":{"index":"index","follow":"follow","max-snippet":"max-snippet:-1","max-image-preview":"max-image-preview:large","max-video-preview":"max-video-preview:-1"},"canonical":"https:\/\/econoler.com\/fr\/nouvelles\/econoler-devoile-sa-nouvelle-identite-de-marque-a-loccasion-de-ses-45-ans-dimpact\/","og_locale":"fr_FR","og_type":"article","og_title":"Econoler d\u00e9voile sa nouvelle identit\u00e9 de marque \u00e0 l\u2019occasion de ses 45 ans d\u2019impact | Econoler","og_description":"Qu\u00e9bec, Canada \u2014 [9 mars 2026] \u2014 Alors qu\u2019elle c\u00e9l\u00e8bre 45 ans \u00e0 l\u2019avant-garde de la transition \u00e9nerg\u00e9tique mondiale, Econoler d\u00e9voile fi\u00e8rement une nouvelle identit\u00e9 de marque audacieuse et lance un site Web enti\u00e8rement repens\u00e9 \u2014 affirmant son h\u00e9ritage tout en embrassant l\u2019avenir. Honorer notre h\u00e9ritage. Concevoir l\u2019avenir. Depuis plus de quatre d\u00e9cennies, Econoler n\u2019a [&hellip;]","og_url":"https:\/\/econoler.com\/fr\/nouvelles\/econoler-devoile-sa-nouvelle-identite-de-marque-a-loccasion-de-ses-45-ans-dimpact\/","og_site_name":"Econoler","article_modified_time":"2026-04-28T17:09:34+00:00","og_image":[{"width":4200,"height":2220,"url":"https:\/\/econoler.com\/wp-content\/uploads\/2026\/03\/new-brand-1-e1776287654250.png","type":"image\/png"}],"twitter_card":"summary_large_image","twitter_misc":{"Dur\u00e9e de lecture estim\u00e9e":"3 minutes"},"schema":{"@context":"https:\/\/schema.org","@graph":[{"@type":"WebPage","@id":"https:\/\/econoler.com\/fr\/nouvelles\/econoler-devoile-sa-nouvelle-identite-de-marque-a-loccasion-de-ses-45-ans-dimpact\/","url":"https:\/\/econoler.com\/fr\/nouvelles\/econoler-devoile-sa-nouvelle-identite-de-marque-a-loccasion-de-ses-45-ans-dimpact\/","name":"Econoler d\u00e9voile sa nouvelle identit\u00e9 de marque \u00e0 l\u2019occasion de ses 45 ans d\u2019impact | Econoler","isPartOf":{"@id":"https:\/\/econoler.com\/fr\/#website"},"primaryImageOfPage":{"@id":"https:\/\/econoler.com\/fr\/nouvelles\/econoler-devoile-sa-nouvelle-identite-de-marque-a-loccasion-de-ses-45-ans-dimpact\/#primaryimage"},"image":{"@id":"https:\/\/econoler.com\/fr\/nouvelles\/econoler-devoile-sa-nouvelle-identite-de-marque-a-loccasion-de-ses-45-ans-dimpact\/#primaryimage"},"thumbnailUrl":"https:\/\/econoler.com\/wp-content\/uploads\/2026\/03\/new-brand-1-e1776287654250.png","datePublished":"2026-03-09T15:13:42+00:00","dateModified":"2026-04-28T17:09:34+00:00","breadcrumb":{"@id":"https:\/\/econoler.com\/fr\/nouvelles\/econoler-devoile-sa-nouvelle-identite-de-marque-a-loccasion-de-ses-45-ans-dimpact\/#breadcrumb"},"inLanguage":"fr-FR","potentialAction":[{"@type":"ReadAction","target":["https:\/\/econoler.com\/fr\/nouvelles\/econoler-devoile-sa-nouvelle-identite-de-marque-a-loccasion-de-ses-45-ans-dimpact\/"]}]},{"@type":"ImageObject","inLanguage":"fr-FR","@id":"https:\/\/econoler.com\/fr\/nouvelles\/econoler-devoile-sa-nouvelle-identite-de-marque-a-loccasion-de-ses-45-ans-dimpact\/#primaryimage","url":"https:\/\/econoler.com\/wp-content\/uploads\/2026\/03\/new-brand-1-e1776287654250.png","contentUrl":"https:\/\/econoler.com\/wp-content\/uploads\/2026\/03\/new-brand-1-e1776287654250.png","width":4200,"height":2220},{"@type":"BreadcrumbList","@id":"https:\/\/econoler.com\/fr\/nouvelles\/econoler-devoile-sa-nouvelle-identite-de-marque-a-loccasion-de-ses-45-ans-dimpact\/#breadcrumb","itemListElement":[{"@type":"ListItem","position":1,"name":"Accueil","item":"https:\/\/econoler.com\/fr\/"},{"@type":"ListItem","position":2,"name":"Nouvelles","item":"https:\/\/econoler.com\/fr\/nouvelles\/"},{"@type":"ListItem","position":3,"name":"Econoler d\u00e9voile sa nouvelle identit\u00e9 de marque \u00e0 l\u2019occasion de ses 45 ans d\u2019impact"}]},{"@type":"WebSite","@id":"https:\/\/econoler.com\/fr\/#website","url":"https:\/\/econoler.com\/fr\/","name":"Econoler","description":"","potentialAction":[{"@type":"SearchAction","target":{"@type":"EntryPoint","urlTemplate":"https:\/\/econoler.com\/fr\/?s={search_term_string}"},"query-input":{"@type":"PropertyValueSpecification","valueRequired":true,"valueName":"search_term_string"}}],"inLanguage":"fr-FR"}]}},"_links":{"self":[{"href":"https:\/\/econoler.com\/fr\/wp-json\/wp\/v2\/news\/6522","targetHints":{"allow":["GET"]}}],"collection":[{"href":"https:\/\/econoler.com\/fr\/wp-json\/wp\/v2\/news"}],"about":[{"href":"https:\/\/econoler.com\/fr\/wp-json\/wp\/v2\/types\/news"}],"wp:featuredmedia":[{"embeddable":true,"href":"https:\/\/econoler.com\/fr\/wp-json\/wp\/v2\/media\/6714"}],"wp:attachment":[{"href":"https:\/\/econoler.com\/fr\/wp-json\/wp\/v2\/media?parent=6522"}],"curies":[{"name":"wp","href":"https:\/\/api.w.org\/{rel}","templated":true}]}}